{"id":8,"date":"2023-11-06T15:22:00","date_gmt":"2023-11-06T14:22:00","guid":{"rendered":"https:\/\/peintre-en-batiment.tel\/blog\/?p=8"},"modified":"2023-11-06T16:18:45","modified_gmt":"2023-11-06T15:18:45","slug":"un-icaunais-peintre-en-batiment-traverse-la-france-a-velo","status":"publish","type":"post","link":"https:\/\/peintre-en-batiment.tel\/blog\/2023\/11\/06\/un-icaunais-peintre-en-batiment-traverse-la-france-a-velo\/","title":{"rendered":"Un Icaunais peintre en b\u00e2timent traverse la France \u00e0 v\u00e9lo"},"content":{"rendered":"<div id=\"ez-toc-container\" class=\"ez-toc-v2_0_57 counter-hierarchy ez-toc-counter ez-toc-grey ez-toc-container-direction\">\n<div class=\"ez-toc-title-container\">\n<p class=\"ez-toc-title \" >Table des mati\u00e8res<\/p>\n<span class=\"ez-toc-title-toggle\"><a href=\"#\" class=\"ez-toc-pull-right ez-toc-btn ez-toc-btn-xs ez-toc-btn-default ez-toc-toggle\" aria-label=\"Toggle Table of Content\" role=\"button\"><label for=\"item-69ef68121efac\" ><span class=\"\"><span style=\"display:none;\">Toggle<\/span><span class=\"ez-toc-icon-toggle-span\"><svg style=\"fill: #999;color:#999\" xmlns=\"http:\/\/www.w3.org\/2000\/svg\" class=\"list-377408\" width=\"20px\" height=\"20px\" viewBox=\"0 0 24 24\" fill=\"none\"><path d=\"M6 6H4v2h2V6zm14 0H8v2h12V6zM4 11h2v2H4v-2zm16 0H8v2h12v-2zM4 16h2v2H4v-2zm16 0H8v2h12v-2z\" fill=\"currentColor\"><\/path><\/svg><svg style=\"fill: #999;color:#999\" class=\"arrow-unsorted-368013\" xmlns=\"http:\/\/www.w3.org\/2000\/svg\" width=\"10px\" height=\"10px\" viewBox=\"0 0 24 24\" version=\"1.2\" baseProfile=\"tiny\"><path d=\"M18.2 9.3l-6.2-6.3-6.2 6.3c-.2.2-.3.4-.3.7s.1.5.3.7c.2.2.4.3.7.3h11c.3 0 .5-.1.7-.3.2-.2.3-.5.3-.7s-.1-.5-.3-.7zM5.8 14.7l6.2 6.3 6.2-6.3c.2-.2.3-.5.3-.7s-.1-.5-.3-.7c-.2-.2-.4-.3-.7-.3h-11c-.3 0-.5.1-.7.3-.2.2-.3.5-.3.7s.1.5.3.7z\"\/><\/svg><\/span><\/span><\/label><input aria-label=\"Toggle\" aria-label=\"item-69ef68121efac\"  type=\"checkbox\" id=\"item-69ef68121efac\"><\/a><\/span><\/div>\n<nav><ul class='ez-toc-list ez-toc-list-level-1 ' ><li class='insert-page-1 insert-heading-level-2'><a class=\"ez-toc-link ez-toc-heading-1\" href=\"https:\/\/peintre-en-batiment.tel\/blog\/2023\/11\/06\/un-icaunais-peintre-en-batiment-traverse-la-france-a-velo\/#Mickael_Faro_le_cycliste_passionne_depreuves_denvergure\" title=\"Micka\u00ebl Faro&nbsp;: le cycliste passionn\u00e9 d&rsquo;\u00e9preuves d&rsquo;envergure\">Micka\u00ebl Faro&nbsp;: le cycliste passionn\u00e9 d&rsquo;\u00e9preuves d&rsquo;envergure<\/a><ul class='insert-list-level-3'><li class='insert-heading-level-3'><a class=\"ez-toc-link ez-toc-heading-2\" href=\"https:\/\/peintre-en-batiment.tel\/blog\/2023\/11\/06\/un-icaunais-peintre-en-batiment-traverse-la-france-a-velo\/#1700_km_en_6_jours_une_traversee_spectaculaire\" title=\"1700 km en 6 jours : une travers\u00e9e spectaculaire\">1700 km en 6 jours : une travers\u00e9e spectaculaire<\/a><\/li><li class='insert-page-1 insert-heading-level-3'><a class=\"ez-toc-link ez-toc-heading-3\" href=\"https:\/\/peintre-en-batiment.tel\/blog\/2023\/11\/06\/un-icaunais-peintre-en-batiment-traverse-la-france-a-velo\/#Paris-Brest-Paris_en_moins_de_63_h_45%E2%80%B2\" title=\"Paris-Brest-Paris en moins de 63 h 45&prime;\">Paris-Brest-Paris en moins de 63 h 45&prime;<\/a><\/li><\/ul><\/li><li class='insert-page-1 insert-heading-level-2'><a class=\"ez-toc-link ez-toc-heading-4\" href=\"https:\/\/peintre-en-batiment.tel\/blog\/2023\/11\/06\/un-icaunais-peintre-en-batiment-traverse-la-france-a-velo\/#Une_preparation_particuliere_pour_ces_defis_hors_du_commun\" title=\"Une pr\u00e9paration particuli\u00e8re pour ces d\u00e9fis hors du commun\">Une pr\u00e9paration particuli\u00e8re pour ces d\u00e9fis hors du commun<\/a><ul class='insert-list-level-3'><li class='insert-heading-level-3'><a class=\"ez-toc-link ez-toc-heading-5\" href=\"https:\/\/peintre-en-batiment.tel\/blog\/2023\/11\/06\/un-icaunais-peintre-en-batiment-traverse-la-france-a-velo\/#Un_plaisir_avant_tout_380_km_dans_le_Jura_pour_son_propre_challenge\" title=\"Un plaisir avant tout&nbsp;: 380 km dans le Jura pour son propre challenge\">Un plaisir avant tout&nbsp;: 380 km dans le Jura pour son propre challenge<\/a><\/li><\/ul><\/li><li class='insert-page-1 insert-heading-level-2'><a class=\"ez-toc-link ez-toc-heading-6\" href=\"https:\/\/peintre-en-batiment.tel\/blog\/2023\/11\/06\/un-icaunais-peintre-en-batiment-traverse-la-france-a-velo\/#Un_exemple_inspirant_pour_les_amateurs_de_cyclisme_et_de_sport_en_general\" title=\"Un exemple inspirant pour les amateurs de cyclisme et de sport en g\u00e9n\u00e9ral\">Un exemple inspirant pour les amateurs de cyclisme et de sport en g\u00e9n\u00e9ral<\/a><ul class='insert-list-level-3'><li class='insert-heading-level-3'><a class=\"ez-toc-link ez-toc-heading-7\" href=\"https:\/\/peintre-en-batiment.tel\/blog\/2023\/11\/06\/un-icaunais-peintre-en-batiment-traverse-la-france-a-velo\/#Les_cles_de_sa_reussite_perseverance_et_depassement_de_soi\" title=\"Les cl\u00e9s de sa r\u00e9ussite&nbsp;: pers\u00e9v\u00e9rance et d\u00e9passement de soi\">Les cl\u00e9s de sa r\u00e9ussite&nbsp;: pers\u00e9v\u00e9rance et d\u00e9passement de soi<\/a><\/li><\/ul><\/li><li class='insert-page-1 insert-heading-level-2'><a class=\"ez-toc-link ez-toc-heading-8\" href=\"https:\/\/peintre-en-batiment.tel\/blog\/2023\/11\/06\/un-icaunais-peintre-en-batiment-traverse-la-france-a-velo\/#Quels_projets_pour_lavenir\" title=\"Quels projets pour l&rsquo;avenir&nbsp;?\">Quels projets pour l&rsquo;avenir&nbsp;?<\/a><\/li><\/ul><\/nav><\/div>\n<h2><span class=\"ez-toc-section\" id=\"Mickael_Faro_le_cycliste_passionne_depreuves_denvergure\"><\/span>Micka\u00ebl Faro&nbsp;: le cycliste passionn\u00e9 d&rsquo;\u00e9preuves d&rsquo;envergure<span class=\"ez-toc-section-end\"><\/span><\/h2>\n<p>Originaire de H\u00e9ry, Micka\u00ebl Faro, un peintre en b\u00e2timent de profession, est aussi un <strong>coureur cycliste accompli qui se d\u00e9marque par sa participation \u00e0 des \u00e9preuves d\u2019envergure<\/strong>. Cet athl\u00e8te hors du commun a franchi cette ann\u00e9e plusieurs d\u00e9fis impressionnants, notamment la travers\u00e9e de la France sur son v\u00e9lo.<\/p>\n<h3><span class=\"ez-toc-section\" id=\"1700_km_en_6_jours_une_traversee_spectaculaire\"><\/span>1700 km en 6 jours : une travers\u00e9e spectaculaire<span class=\"ez-toc-section-end\"><\/span><\/h3>\n<p>La performance la plus marquante de Micka\u00ebl Faro cette ann\u00e9e reste sans conteste la <strong>travers\u00e9e de la France, r\u00e9alis\u00e9e en parcourant 1.700 km en seulement six jours<\/strong>, entre Besan\u00e7on et Saint-Jean-Pied-de-Port. Un exploit qui t\u00e9moigne de l&rsquo;endurance de cet Icaunais et de sa passion pour les d\u00e9fis extr\u00eames.<\/p>\n<h3><span class=\"ez-toc-section\" id=\"Paris-Brest-Paris_en_moins_de_63_h_45%E2%80%B2\"><\/span>Paris-Brest-Paris en moins de 63 h 45&prime;<span class=\"ez-toc-section-end\"><\/span><\/h3>\n<p>En plus de cette travers\u00e9e incroyable, Micka\u00ebl Faro s&rsquo;est \u00e9galement attaqu\u00e9 au c\u00e9l\u00e8bre Paris-Brest-Paris cette ann\u00e9e, bouclant les <strong>1200 km du parcours en 63 h 45&prime;<\/strong>, soit moins de trois jours. Une exp\u00e9rience qu&rsquo;il a qualifi\u00e9e de \u00ab\u00a0plus difficile\u00a0\u00bb, mais qui lui a permis de se surpasser et d&rsquo;affronter ses limites mentales et physiques.<\/p>\n<h2><span class=\"ez-toc-section\" id=\"Une_preparation_particuliere_pour_ces_defis_hors_du_commun\"><\/span>Une pr\u00e9paration particuli\u00e8re pour ces d\u00e9fis hors du commun<span class=\"ez-toc-section-end\"><\/span><\/h2>\n<p>Afin de pouvoir affronter de telles \u00e9preuves, Micka\u00ebl Faro met en place une <strong>pr\u00e9paration sp\u00e9cifique et rigoureuse<\/strong> permettant d&rsquo;optimiser au mieux son potentiel physique et mental. Cette pr\u00e9paration inclut notamment&nbsp;:<\/p>\n<ul>\n<li>La constitution d&rsquo;une r\u00e9serve de sommeil avant le d\u00e9part, en dormant un peu plus chaque jour pendant plusieurs jours<\/li>\n<li>Des p\u00e9riodes de micro-sommeil sur le v\u00e9lo pendant la comp\u00e9tition, pour r\u00e9cup\u00e9rer rapidement sans perdre trop de temps<\/li>\n<li>De rares moments de repos lors des arr\u00eats pour s&rsquo;alimenter ou se ressourcer, afin de tenir sur la dur\u00e9e<\/li>\n<\/ul>\n<h3><span class=\"ez-toc-section\" id=\"Un_plaisir_avant_tout_380_km_dans_le_Jura_pour_son_propre_challenge\"><\/span>Un plaisir avant tout&nbsp;: 380 km dans le Jura pour son propre challenge<span class=\"ez-toc-section-end\"><\/span><\/h3>\n<p>Micka\u00ebl Faro est passionn\u00e9 par les longues \u00e9preuves \u00e0 v\u00e9lo, au point de <strong>s\u2019organiser lui-m\u00eame un circuit de 380 km dans le Jura<\/strong>, simplement pour le plaisir de rouler et de repousser ses limites. Un d\u00e9fi personnel qui t\u00e9moigne encore une fois de sa motivation et de sa soif de nouveaut\u00e9.<\/p>\n<h2><span class=\"ez-toc-section\" id=\"Un_exemple_inspirant_pour_les_amateurs_de_cyclisme_et_de_sport_en_general\"><\/span>Un exemple inspirant pour les amateurs de cyclisme et de sport en g\u00e9n\u00e9ral<span class=\"ez-toc-section-end\"><\/span><\/h2>\n<p>L&rsquo;histoire de Micka\u00ebl Faro montre qu&rsquo;il est possible de concilier une vie professionnelle et une passion pour le cyclisme de haut niveau. Gr\u00e2ce \u00e0 sa d\u00e9termination et \u00e0 son entra\u00eenement r\u00e9gulier, cet Icaunais prouve que <strong>rien n&rsquo;est impossible quand on est anim\u00e9 par l&rsquo;esprit du sport<\/strong>.<\/p>\n<h3><span class=\"ez-toc-section\" id=\"Les_cles_de_sa_reussite_perseverance_et_depassement_de_soi\"><\/span>Les cl\u00e9s de sa r\u00e9ussite&nbsp;: pers\u00e9v\u00e9rance et d\u00e9passement de soi<span class=\"ez-toc-section-end\"><\/span><\/h3>\n<p>L&rsquo;esprit qui anime Micka\u00ebl Faro dans ses comp\u00e9titions cyclistes est celui d&rsquo;un <strong>v\u00e9ritable combattant, pr\u00eat \u00e0 tout pour atteindre ses objectifs<\/strong>. Les longues \u00e9preuves telles que la travers\u00e9e de la France ou Paris-Brest-Paris sont autant de d\u00e9fis o\u00f9 il puise son \u00e9nergie et redouble de d\u00e9termination. Un bel exemple de pers\u00e9v\u00e9rance et de d\u00e9passement pour tous les amateurs de v\u00e9lo et de sport en g\u00e9n\u00e9ral.<\/p>\n<h2><span class=\"ez-toc-section\" id=\"Quels_projets_pour_lavenir\"><\/span>Quels projets pour l&rsquo;avenir&nbsp;?<span class=\"ez-toc-section-end\"><\/span><\/h2>\n<p>Avec un tel palmar\u00e8s \u00e0 son actif, on peut se demander ce que r\u00e9serve l&rsquo;avenir pour Micka\u00ebl Faro. Nul doute qu&rsquo;il continuera \u00e0 relever les d\u00e9fis et \u00e0 <strong>charmer les passionn\u00e9s de cyclisme avec de nouvelles aventures sur deux roues<\/strong>. En attendant, nous lui souhaitons de bonnes courses et l&rsquo;\u00e9panouissement total dans sa passion.<\/p>\n","protected":false},"excerpt":{"rendered":"<div class=\"mh-excerpt\"><p>Micka\u00ebl Faro&nbsp;: le cycliste passionn\u00e9 d&rsquo;\u00e9preuves d&rsquo;envergure Originaire de H\u00e9ry, Micka\u00ebl Faro, un peintre en b\u00e2timent de profession, est aussi un coureur cycliste accompli qui <a class=\"mh-excerpt-more\" href=\"https:\/\/peintre-en-batiment.tel\/blog\/2023\/11\/06\/un-icaunais-peintre-en-batiment-traverse-la-france-a-velo\/\" title=\"Un Icaunais peintre en b\u00e2timent traverse la France \u00e0 v\u00e9lo\">[&#8230;]<\/a><\/p>\n<\/div>","protected":false},"author":5,"featured_media":13,"comment_status":"open","ping_status":"open","sticky":false,"template":"","format":"standard","meta":{"footnotes":""},"categories":[1],"tags":[],"class_list":["post-8","post","type-post","status-publish","format-standard","has-post-thumbnail","hentry","category-non-classe"],"_links":{"self":[{"href":"https:\/\/peintre-en-batiment.tel\/blog\/wp-json\/wp\/v2\/posts\/8","targetHints":{"allow":["GET"]}}],"collection":[{"href":"https:\/\/peintre-en-batiment.tel\/blog\/wp-json\/wp\/v2\/posts"}],"about":[{"href":"https:\/\/peintre-en-batiment.tel\/blog\/wp-json\/wp\/v2\/types\/post"}],"author":[{"embeddable":true,"href":"https:\/\/peintre-en-batiment.tel\/blog\/wp-json\/wp\/v2\/users\/5"}],"replies":[{"embeddable":true,"href":"https:\/\/peintre-en-batiment.tel\/blog\/wp-json\/wp\/v2\/comments?post=8"}],"version-history":[{"count":1,"href":"https:\/\/peintre-en-batiment.tel\/blog\/wp-json\/wp\/v2\/posts\/8\/revisions"}],"predecessor-version":[{"id":14,"href":"https:\/\/peintre-en-batiment.tel\/blog\/wp-json\/wp\/v2\/posts\/8\/revisions\/14"}],"wp:featuredmedia":[{"embeddable":true,"href":"https:\/\/peintre-en-batiment.tel\/blog\/wp-json\/wp\/v2\/media\/13"}],"wp:attachment":[{"href":"https:\/\/peintre-en-batiment.tel\/blog\/wp-json\/wp\/v2\/media?parent=8"}],"wp:term":[{"taxonomy":"category","embeddable":true,"href":"https:\/\/peintre-en-batiment.tel\/blog\/wp-json\/wp\/v2\/categories?post=8"},{"taxonomy":"post_tag","embeddable":true,"href":"https:\/\/peintre-en-batiment.tel\/blog\/wp-json\/wp\/v2\/tags?post=8"}],"curies":[{"name":"wp","href":"https:\/\/api.w.org\/{rel}","templated":true}]}}